{"id":271,"date":"2019-12-26T17:03:28","date_gmt":"2019-12-26T17:03:28","guid":{"rendered":"http:\/\/klimabuendnis-bad-camberg.de\/?p=271"},"modified":"2020-01-23T18:28:07","modified_gmt":"2020-01-23T18:28:07","slug":"klimaschutz","status":"publish","type":"post","link":"https:\/\/klimabuendnis-bad-camberg.de\/?p=271","title":{"rendered":"Klimaschutz"},"content":{"rendered":"\n<p> Seit August 2019 ist Bad Camberg hessische Klimakommune und es stehen  umfangreiche F\u00f6rdergelder f\u00fcr kommunalen Klimaschutz zur Verf\u00fcgung.  Jetzt ist die Mitarbeit der B\u00fcrger gefragt, um das Projekt mit Leben zu  f\u00fcllen. <\/p>\n\n\n\n<p>Jeder B\u00fcrger muss auch im privaten Bereich aktiv werden, um den CO2 Aussto\u00df zu reduzieren. Nachhaltig und klimaneutral bedeutet einen CO2 Aussto\u00df von unter 1 Tonne pro Jahr und Person.<\/p>\n\n\n\n<p>Derzeit liegt der durchschnittliche CO2 Aussto\u00df (incl. aller \u00c4quivalenten) bei 11,6 Tonnen pro Jahr und Person in Deutschland. (Quelle: Umwelt Bundesamt, Dezember 2019)<\/p>\n\n\n\n<p class=\"has-huge-font-size\">Es gibt viel zu tun!<\/p>\n\n\n\n<figure class=\"wp-block-image size-large\"><img decoding=\"async\" loading=\"lazy\" width=\"1024\" height=\"683\" src=\"https:\/\/klimabuendnis-bad-camberg.de\/wp-content\/uploads\/2020\/01\/energiewende-1-1024x683.jpg\" alt=\"\" class=\"wp-image-541\" srcset=\"https:\/\/klimabuendnis-bad-camberg.de\/wp-content\/uploads\/2020\/01\/energiewende-1-1024x683.jpg 1024w, https:\/\/klimabuendnis-bad-camberg.de\/wp-content\/uploads\/2020\/01\/energiewende-1-300x200.jpg 300w, https:\/\/klimabuendnis-bad-camberg.de\/wp-content\/uploads\/2020\/01\/energiewende-1-768x512.jpg 768w, https:\/\/klimabuendnis-bad-camberg.de\/wp-content\/uploads\/2020\/01\/energiewende-1-1536x1024.jpg 1536w, https:\/\/klimabuendnis-bad-camberg.de\/wp-content\/uploads\/2020\/01\/energiewende-1-2048x1365.jpg 2048w, https:\/\/klimabuendnis-bad-camberg.de\/wp-content\/uploads\/2020\/01\/energiewende-1-570x380.jpg 570w, https:\/\/klimabuendnis-bad-camberg.de\/wp-content\/uploads\/2020\/01\/energiewende-1-272x182.jpg 272w\" sizes=\"(max-width: 1024px) 100vw, 1024px\" \/><\/figure>\n","protected":false},"excerpt":{"rendered":"<p>Seit August 2019 ist Bad Camberg hessische Klimakommune und es stehen umfangreiche F\u00f6rdergelder f\u00fcr kommunalen Klimaschutz zur Verf\u00fcgung. Jetzt ist die Mitarbeit der B\u00fcrger gefragt, um das Projekt mit Leben zu f\u00fcllen. Jeder B\u00fcrger muss auch im privaten Bereich aktiv werden, um den CO2 Aussto\u00df zu reduzieren. Nachhaltig und klimaneutral bedeutet einen CO2 Aussto\u00df von&#8230;<\/p>\n<p class=\"more-link\"><a href=\"https:\/\/klimabuendnis-bad-camberg.de\/?p=271\" class=\"themebutton3\">Read More<\/a><\/p>\n","protected":false},"author":1,"featured_media":0,"comment_status":"closed","ping_status":"open","sticky":false,"template":"","format":"standard","meta":{"ngg_post_thumbnail":0},"categories":[42,19],"tags":[],"_links":{"self":[{"href":"https:\/\/klimabuendnis-bad-camberg.de\/index.php?rest_route=\/wp\/v2\/posts\/271"}],"collection":[{"href":"https:\/\/klimabuendnis-bad-camberg.de\/index.php?rest_route=\/wp\/v2\/posts"}],"about":[{"href":"https:\/\/klimabuendnis-bad-camberg.de\/index.php?rest_route=\/wp\/v2\/types\/post"}],"author":[{"embeddable":true,"href":"https:\/\/klimabuendnis-bad-camberg.de\/index.php?rest_route=\/wp\/v2\/users\/1"}],"replies":[{"embeddable":true,"href":"https:\/\/klimabuendnis-bad-camberg.de\/index.php?rest_route=%2Fwp%2Fv2%2Fcomments&post=271"}],"version-history":[{"count":6,"href":"https:\/\/klimabuendnis-bad-camberg.de\/index.php?rest_route=\/wp\/v2\/posts\/271\/revisions"}],"predecessor-version":[{"id":542,"href":"https:\/\/klimabuendnis-bad-camberg.de\/index.php?rest_route=\/wp\/v2\/posts\/271\/revisions\/542"}],"wp:attachment":[{"href":"https:\/\/klimabuendnis-bad-camberg.de\/index.php?rest_route=%2Fwp%2Fv2%2Fmedia&parent=271"}],"wp:term":[{"taxonomy":"category","embeddable":true,"href":"https:\/\/klimabuendnis-bad-camberg.de\/index.php?rest_route=%2Fwp%2Fv2%2Fcategories&post=271"},{"taxonomy":"post_tag","embeddable":true,"href":"https:\/\/klimabuendnis-bad-camberg.de\/index.php?rest_route=%2Fwp%2Fv2%2Ftags&post=271"}],"curies":[{"name":"wp","href":"https:\/\/api.w.org\/{rel}","templated":true}]}}